{"id":777,"date":"2022-10-27T08:41:28","date_gmt":"2022-10-27T11:41:28","guid":{"rendered":"https:\/\/fernandesrinhel.com.br\/site\/?p=777"},"modified":"2022-10-27T08:41:28","modified_gmt":"2022-10-27T11:41:28","slug":"carf-despesas-com-itens-promocionais-sao-dedutiveis-do-irpj-e-csll","status":"publish","type":"post","link":"https:\/\/fernandesrinhel.com.br\/site\/carf-despesas-com-itens-promocionais-sao-dedutiveis-do-irpj-e-csll\/","title":{"rendered":"CARF: Despesas com itens promocionais s\u00e3o dedut\u00edveis do IRPJ e CSLL"},"content":{"rendered":"<p>Por unanimidade de votos, a 1\u00aa Turma da C\u00e2mara Superior do Conselho Administrativo de Recursos Fiscais (Carf) entendeu que as despesas com material promocional distribu\u00eddo para fomentar as vendas n\u00e3o s\u00e3o brindes e, portanto, s\u00e3o dedut\u00edveis do Imposto de Renda da Pessoa Jur\u00eddica (IRPJ) e da Contribui\u00e7\u00e3o Social sobre o Lucro L\u00edquido (CSLL). \u00c9 a primeira vez que a turma julga a mat\u00e9ria com a nova composi\u00e7\u00e3o.<br \/>\nA decis\u00e3o, no processo 10872.000392\/2010-81, \u00e9 de 9 de setembro.<\/p>\n<p>Este ano a turma sofreu altera\u00e7\u00f5es na composi\u00e7\u00e3o com a posse de dois novos conselheiros: Gustavo Fonseca e Guilherme Mendes. Em 2020 \u2014 antes do desempate pr\u00f3-contribuinte ser institu\u00eddo \u2014 o resultado da mat\u00e9ria na turma era desfavor\u00e1vel ao contribuinte, aplicando-se o voto de qualidade.<\/p>\n<p>O artigo 13, VII, da Lei n\u00ba 9.249\/95 estabelece que os brindes n\u00e3o s\u00e3o dedut\u00edveis da base de c\u00e1lculo das contribui\u00e7\u00f5es. No caso concreto, a contribuinte \u00e9 editora de uma revista que, para a promo\u00e7\u00e3o de seus produtos, oferece aos compradores, junto com o produto vendido, itens como rel\u00f3gios, r\u00e1dios e calculadoras. Para a fiscaliza\u00e7\u00e3o, tal situa\u00e7\u00e3o se trata de despesas com brindes, que s\u00e3o indedut\u00edveis, conforme a legisla\u00e7\u00e3o.<\/p>\n<p>Em contrapartida, Jo\u00e3o Marcos Nabuco, advogado representante do contribuinte, defendeu em sustenta\u00e7\u00e3o oral que \u201cest\u00e1 comprovado que para cada produto vendido havia uma nota de remessa do produto promocional. Nessas condi\u00e7\u00f5es deve-se considerar dedut\u00edvel a despesa com a aquisi\u00e7\u00e3o dos produtos promocionais, porque ela guarda estrita rela\u00e7\u00e3o com as opera\u00e7\u00f5es de venda\u201d.<\/p>\n<p>Para o relator, conselheiro Alexandre Evaristo Pinto, os produtos entregues eram de pequeno valor e, \u201cal\u00e9m da divulga\u00e7\u00e3o, havia uma certa contrapresta\u00e7\u00e3o em compras, contando que os bens acompanhavam os produtos da recorrente\u201d.<\/p>\n<p>Fonte: Jota Tributos<\/p>\n","protected":false},"excerpt":{"rendered":"<p>Por unanimidade de votos, a 1\u00aa Turma da C\u00e2mara Superior do Conselho Administrativo de Recursos Fiscais (Carf) entendeu que as [&hellip;]<\/p>\n","protected":false},"author":1,"featured_media":778,"comment_status":"open","ping_status":"open","sticky":false,"template":"","format":"standard","meta":{"content-type":"","_uag_custom_page_level_css":"","site-sidebar-layout":"default","site-content-layout":"","ast-site-content-layout":"","site-content-style":"default","site-sidebar-style":"default","ast-global-header-display":"","ast-banner-title-visibility":"","ast-main-header-display":"","ast-hfb-above-header-display":"","ast-hfb-below-header-display":"","ast-hfb-mobile-header-display":"","site-post-title":"","ast-breadcrumbs-content":"","ast-featured-img":"","footer-sml-layout":"","theme-transparent-header-meta":"","adv-header-id-meta":"","stick-header-meta":"","header-above-stick-meta":"","header-main-stick-meta":"","header-below-stick-meta":"","astra-migrate-meta-layouts":"default","ast-page-background-enabled":"default","ast-page-background-meta":{"desktop":{"background-color":"var(--ast-global-color-4)","background-image":"","background-repeat":"repeat","background-position":"center center","background-size":"auto","background-attachment":"scroll","background-type":"","background-media":"","overlay-type":"","overlay-color":"","overlay-opacity":"","overlay-gradient":""},"tablet":{"background-color":"","background-image":"","background-repeat":"repeat","background-position":"center center","background-size":"auto","background-attachment":"scroll","background-type":"","background-media":"","overlay-type":"","overlay-color":"","overlay-opacity":"","overlay-gradient":""},"mobile":{"background-color":"","background-image":"","background-repeat":"repeat","background-position":"center center","background-size":"auto","background-attachment":"scroll","background-type":"","background-media":"","overlay-type":"","overlay-color":"","overlay-opacity":"","overlay-gradient":""}},"ast-content-background-meta":{"desktop":{"background-color":"var(--ast-global-color-5)","background-image":"","background-repeat":"repeat","background-position":"center center","background-size":"auto","background-attachment":"scroll","background-type":"","background-media":"","overlay-type":"","overlay-color":"","overlay-opacity":"","overlay-gradient":""},"tablet":{"background-color":"var(--ast-global-color-5)","background-image":"","background-repeat":"repeat","background-position":"center center","background-size":"auto","background-attachment":"scroll","background-type":"","background-media":"","overlay-type":"","overlay-color":"","overlay-opacity":"","overlay-gradient":""},"mobile":{"background-color":"var(--ast-global-color-5)","background-image":"","background-repeat":"repeat","background-position":"center center","background-size":"auto","background-attachment":"scroll","background-type":"","background-media":"","overlay-type":"","overlay-color":"","overlay-opacity":"","overlay-gradient":""}},"footnotes":""},"categories":[48],"tags":[],"class_list":["post-777","post","type-post","status-publish","format-standard","has-post-thumbnail","hentry","category-tributario"],"uagb_featured_image_src":{"full":["https:\/\/fernandesrinhel.com.br\/site\/wp-content\/uploads\/2022\/10\/carf.jpeg",800,450,false],"thumbnail":["https:\/\/fernandesrinhel.com.br\/site\/wp-content\/uploads\/2022\/10\/carf-150x150.jpeg",150,150,true],"medium":["https:\/\/fernandesrinhel.com.br\/site\/wp-content\/uploads\/2022\/10\/carf-300x169.jpeg",300,169,true],"medium_large":["https:\/\/fernandesrinhel.com.br\/site\/wp-content\/uploads\/2022\/10\/carf-768x432.jpeg",768,432,true],"large":["https:\/\/fernandesrinhel.com.br\/site\/wp-content\/uploads\/2022\/10\/carf.jpeg",800,450,false],"1536x1536":["https:\/\/fernandesrinhel.com.br\/site\/wp-content\/uploads\/2022\/10\/carf.jpeg",800,450,false],"2048x2048":["https:\/\/fernandesrinhel.com.br\/site\/wp-content\/uploads\/2022\/10\/carf.jpeg",800,450,false]},"uagb_author_info":{"display_name":"suporte","author_link":"https:\/\/fernandesrinhel.com.br\/site\/author\/suporte\/"},"uagb_comment_info":0,"uagb_excerpt":"Por unanimidade de votos, a 1\u00aa Turma da C\u00e2mara Superior do Conselho Administrativo de Recursos Fiscais (Carf) entendeu que as [&hellip;]","_links":{"self":[{"href":"https:\/\/fernandesrinhel.com.br\/site\/wp-json\/wp\/v2\/posts\/777"}],"collection":[{"href":"https:\/\/fernandesrinhel.com.br\/site\/wp-json\/wp\/v2\/posts"}],"about":[{"href":"https:\/\/fernandesrinhel.com.br\/site\/wp-json\/wp\/v2\/types\/post"}],"author":[{"embeddable":true,"href":"https:\/\/fernandesrinhel.com.br\/site\/wp-json\/wp\/v2\/users\/1"}],"replies":[{"embeddable":true,"href":"https:\/\/fernandesrinhel.com.br\/site\/wp-json\/wp\/v2\/comments?post=777"}],"version-history":[{"count":1,"href":"https:\/\/fernandesrinhel.com.br\/site\/wp-json\/wp\/v2\/posts\/777\/revisions"}],"predecessor-version":[{"id":779,"href":"https:\/\/fernandesrinhel.com.br\/site\/wp-json\/wp\/v2\/posts\/777\/revisions\/779"}],"wp:featuredmedia":[{"embeddable":true,"href":"https:\/\/fernandesrinhel.com.br\/site\/wp-json\/wp\/v2\/media\/778"}],"wp:attachment":[{"href":"https:\/\/fernandesrinhel.com.br\/site\/wp-json\/wp\/v2\/media?parent=777"}],"wp:term":[{"taxonomy":"category","embeddable":true,"href":"https:\/\/fernandesrinhel.com.br\/site\/wp-json\/wp\/v2\/categories?post=777"},{"taxonomy":"post_tag","embeddable":true,"href":"https:\/\/fernandesrinhel.com.br\/site\/wp-json\/wp\/v2\/tags?post=777"}],"curies":[{"name":"wp","href":"https:\/\/api.w.org\/{rel}","templated":true}]}}