{"id":1649,"date":"2024-06-24T15:29:16","date_gmt":"2024-06-24T18:29:16","guid":{"rendered":"https:\/\/fernandesrinhel.com.br\/site\/?p=1649"},"modified":"2024-06-24T15:29:32","modified_gmt":"2024-06-24T18:29:32","slug":"decisao-do-stj-icms-st-fora-da-base-de-pis-cofins","status":"publish","type":"post","link":"https:\/\/fernandesrinhel.com.br\/site\/decisao-do-stj-icms-st-fora-da-base-de-pis-cofins\/","title":{"rendered":"Decis\u00e3o do STJ: ICMS-ST Fora da Base de PIS\/COFINS"},"content":{"rendered":"<p>Hoje, 20 de junho, a 1\u00aa Se\u00e7\u00e3o do Superior Tribunal de Justi\u00e7a (STJ) decidiu uma mudan\u00e7a importante para os contribuintes!<\/p>\n<p><strong>O Que Aconteceu?<\/strong><br \/>\nO STJ decidiu que o ICMS por Substitui\u00e7\u00e3o Tribut\u00e1ria (ICMS-ST) n\u00e3o deve compor a base de c\u00e1lculo do PIS e COFINS. E o melhor? Essa decis\u00e3o vale retroativamente por seis anos, desde 15 de mar\u00e7o de 2017!<\/p>\n<p><strong>O Que Isso Significa?<\/strong><br \/>\nAntes, a exclus\u00e3o do ICMS-ST da base de c\u00e1lculo de PIS\/COFINS s\u00f3 poderia ser aplicada a partir de 14 de dezembro de 2023. Agora, quem pagou PIS\/COFINS a mais desde mar\u00e7o de 2017 pode pedir a restitui\u00e7\u00e3o ou compensa\u00e7\u00e3o.<\/p>\n<p><strong>Por Que a Data de 2017?<\/strong><br \/>\nEssa data foi escolhida porque \u00e9 quando o STF julgou a \u201ctese do s\u00e9culo\u201d, retirando o ICMS da base de c\u00e1lculo do PIS e COFINS. O STJ usou a mesma l\u00f3gica para o ICMS-ST.<\/p>\n<p><strong>Prazo para Pedir a Restitui\u00e7\u00e3o<\/strong><br \/>\nOs contribuintes t\u00eam at\u00e9 cinco anos para solicitar a devolu\u00e7\u00e3o do valor pago indevidamente.<\/p>\n<p><strong>Modula\u00e7\u00e3o dos Efeitos<\/strong><br \/>\nModular os efeitos significa limitar a aplica\u00e7\u00e3o da decis\u00e3o a partir de uma certa data. Neste caso, 15 de mar\u00e7o de 2017. A decis\u00e3o beneficia quem j\u00e1 tinha pedido a exclus\u00e3o do ICMS-ST, seja administrativamente ou judicialmente.<\/p>\n<p><strong>Import\u00e2ncia Hist\u00f3rica<\/strong><br \/>\nEssa \u00e9 a primeira vez que o STJ aplicou a modula\u00e7\u00e3o temporal em casos tribut\u00e1rios, algo que antes era feito apenas pelo STF.<\/p>\n<p>Para mais detalhes, acesse: Consultor Jur\u00eddico<\/p>\n","protected":false},"excerpt":{"rendered":"<p>Hoje, 20 de junho, a 1\u00aa Se\u00e7\u00e3o do Superior Tribunal de Justi\u00e7a (STJ) decidiu uma mudan\u00e7a importante para os contribuintes! [&hellip;]<\/p>\n","protected":false},"author":1,"featured_media":0,"comment_status":"closed","ping_status":"open","sticky":false,"template":"","format":"standard","meta":{"content-type":"","_uag_custom_page_level_css":"","site-sidebar-layout":"default","site-content-layout":"","ast-site-content-layout":"","site-content-style":"default","site-sidebar-style":"default","ast-global-header-display":"","ast-banner-title-visibility":"","ast-main-header-display":"","ast-hfb-above-header-display":"","ast-hfb-below-header-display":"","ast-hfb-mobile-header-display":"","site-post-title":"","ast-breadcrumbs-content":"","ast-featured-img":"","footer-sml-layout":"","theme-transparent-header-meta":"","adv-header-id-meta":"","stick-header-meta":"","header-above-stick-meta":"","header-main-stick-meta":"","header-below-stick-meta":"","astra-migrate-meta-layouts":"default","ast-page-background-enabled":"default","ast-page-background-meta":{"desktop":{"background-color":"var(--ast-global-color-4)","background-image":"","background-repeat":"repeat","background-position":"center center","background-size":"auto","background-attachment":"scroll","background-type":"","background-media":"","overlay-type":"","overlay-color":"","overlay-opacity":"","overlay-gradient":""},"tablet":{"background-color":"","background-image":"","background-repeat":"repeat","background-position":"center center","background-size":"auto","background-attachment":"scroll","background-type":"","background-media":"","overlay-type":"","overlay-color":"","overlay-opacity":"","overlay-gradient":""},"mobile":{"background-color":"","background-image":"","background-repeat":"repeat","background-position":"center center","background-size":"auto","background-attachment":"scroll","background-type":"","background-media":"","overlay-type":"","overlay-color":"","overlay-opacity":"","overlay-gradient":""}},"ast-content-background-meta":{"desktop":{"background-color":"var(--ast-global-color-5)","background-image":"","background-repeat":"repeat","background-position":"center center","background-size":"auto","background-attachment":"scroll","background-type":"","background-media":"","overlay-type":"","overlay-color":"","overlay-opacity":"","overlay-gradient":""},"tablet":{"background-color":"var(--ast-global-color-5)","background-image":"","background-repeat":"repeat","background-position":"center center","background-size":"auto","background-attachment":"scroll","background-type":"","background-media":"","overlay-type":"","overlay-color":"","overlay-opacity":"","overlay-gradient":""},"mobile":{"background-color":"var(--ast-global-color-5)","background-image":"","background-repeat":"repeat","background-position":"center center","background-size":"auto","background-attachment":"scroll","background-type":"","background-media":"","overlay-type":"","overlay-color":"","overlay-opacity":"","overlay-gradient":""}},"footnotes":""},"categories":[43],"tags":[],"class_list":["post-1649","post","type-post","status-publish","format-standard","hentry","category-noticias"],"uagb_featured_image_src":{"full":false,"thumbnail":false,"medium":false,"medium_large":false,"large":false,"1536x1536":false,"2048x2048":false},"uagb_author_info":{"display_name":"suporte","author_link":"https:\/\/fernandesrinhel.com.br\/site\/author\/suporte\/"},"uagb_comment_info":0,"uagb_excerpt":"Hoje, 20 de junho, a 1\u00aa Se\u00e7\u00e3o do Superior Tribunal de Justi\u00e7a (STJ) decidiu uma mudan\u00e7a importante para os contribuintes! [&hellip;]","_links":{"self":[{"href":"https:\/\/fernandesrinhel.com.br\/site\/wp-json\/wp\/v2\/posts\/1649"}],"collection":[{"href":"https:\/\/fernandesrinhel.com.br\/site\/wp-json\/wp\/v2\/posts"}],"about":[{"href":"https:\/\/fernandesrinhel.com.br\/site\/wp-json\/wp\/v2\/types\/post"}],"author":[{"embeddable":true,"href":"https:\/\/fernandesrinhel.com.br\/site\/wp-json\/wp\/v2\/users\/1"}],"replies":[{"embeddable":true,"href":"https:\/\/fernandesrinhel.com.br\/site\/wp-json\/wp\/v2\/comments?post=1649"}],"version-history":[{"count":1,"href":"https:\/\/fernandesrinhel.com.br\/site\/wp-json\/wp\/v2\/posts\/1649\/revisions"}],"predecessor-version":[{"id":1650,"href":"https:\/\/fernandesrinhel.com.br\/site\/wp-json\/wp\/v2\/posts\/1649\/revisions\/1650"}],"wp:attachment":[{"href":"https:\/\/fernandesrinhel.com.br\/site\/wp-json\/wp\/v2\/media?parent=1649"}],"wp:term":[{"taxonomy":"category","embeddable":true,"href":"https:\/\/fernandesrinhel.com.br\/site\/wp-json\/wp\/v2\/categories?post=1649"},{"taxonomy":"post_tag","embeddable":true,"href":"https:\/\/fernandesrinhel.com.br\/site\/wp-json\/wp\/v2\/tags?post=1649"}],"curies":[{"name":"wp","href":"https:\/\/api.w.org\/{rel}","templated":true}]}}