{"id":1483,"date":"2024-06-03T16:13:10","date_gmt":"2024-06-03T19:13:10","guid":{"rendered":"https:\/\/fernandesrinhel.com.br\/site\/?p=1483"},"modified":"2024-06-03T16:13:23","modified_gmt":"2024-06-03T19:13:23","slug":"ministro-luiz-fux-determina-que-julgamento-sobre-a-exclusao-do-iss-da-base-de-calculo-de-pis-cofins-continue-no-plenario-virtual","status":"publish","type":"post","link":"https:\/\/fernandesrinhel.com.br\/site\/ministro-luiz-fux-determina-que-julgamento-sobre-a-exclusao-do-iss-da-base-de-calculo-de-pis-cofins-continue-no-plenario-virtual\/","title":{"rendered":"Ministro Luiz Fux Determina que Julgamento Sobre a Exclus\u00e3o do ISS da Base de C\u00e1lculo de PIS\/Cofins Continue no Plen\u00e1rio Virtual"},"content":{"rendered":"<p>O ministro Luiz Fux, do Supremo Tribunal Federal (STF), decidiu que o julgamento sobre a inclus\u00e3o do Imposto sobre Servi\u00e7os (ISS) na base de c\u00e1lculo do PIS e da Cofins n\u00e3o ocorrer\u00e1 mais em sess\u00e3o presencial, seguindo no plen\u00e1rio virtual. O processo, identificado como RE 592.616 (Tema 118), \u00e9 uma continua\u00e7\u00e3o da &#8220;tese do s\u00e9culo&#8221; relacionada ao Tema 69, que excluiu o ICMS da base de c\u00e1lculo dessas contribui\u00e7\u00f5es. Este caso tem uma proje\u00e7\u00e3o de impacto financeiro de R$ 35,4 bilh\u00f5es em cinco anos, segundo o Projeto de Lei de Diretrizes Or\u00e7ament\u00e1rias de 2025.<\/p>\n<p>O debate sobre o tema foi retomado no plen\u00e1rio virtual onde havia sido interrompido em agosto de 2021 com um empate de 4 votos a 4. O julgamento havia sido pausado por Fux at\u00e9 a nomea\u00e7\u00e3o de um novo ministro para ocupar a vaga do ministro Marco Aur\u00e9lio, que se aposentou. Essa vaga foi posteriormente preenchida pelo ministro Andr\u00e9 Mendon\u00e7a.<\/p>\n<p>A decis\u00e3o final agora depende dos votos de Gilmar Mendes, Luiz Fux e Andr\u00e9 Mendon\u00e7a. \u00c9 importante ressaltar que os ministros que j\u00e1 votaram t\u00eam a possibilidade de mudar seus votos.<\/p>\n<p>Em um cen\u00e1rio anterior, durante o julgamento da &#8220;tese do s\u00e9culo&#8221; em 2017, Gilmar Mendes votou pela inclus\u00e3o do ICMS na base de c\u00e1lculo das contribui\u00e7\u00f5es, enquanto Fux votou pela exclus\u00e3o. Se ambos mantiverem seus entendimentos para o ISS e os demais ministros n\u00e3o alterarem seus votos, o resultado poder\u00e1 ficar empatado em 5 a 5, deixando a decis\u00e3o final nas m\u00e3os de Andr\u00e9 Mendon\u00e7a.<\/p>\n<p>Quanto \u00e0 composi\u00e7\u00e3o atual do tribunal, tr\u00eas ministros, incluindo Nunes Marques, Cristiano Zanin e Fl\u00e1vio Dino, n\u00e3o votar\u00e3o, mantendo-se os votos de seus predecessores pela exclus\u00e3o do ISS da base de c\u00e1lculo das contribui\u00e7\u00f5es. Por outro lado, a ministra C\u00e1rmen L\u00facia acompanhou o voto a favor dos contribuintes, e o ministro Dias Toffoli liderou uma diverg\u00eancia pela inclus\u00e3o do tributo municipal nas contribui\u00e7\u00f5es, seguido por Alexandre de Moraes, Lu\u00eds Roberto Barroso e Edson Fachin.<\/p>\n<p>Este caso \u00e9 fundamental para a comunidade empresarial e pode definir importantes precedentes para o c\u00e1lculo de tributos sobre servi\u00e7os.<\/p>\n<p>&nbsp;<\/p>\n<p>Fonte: https:\/\/www.jota.info\/tributos-e-empresas\/tributario\/fux-cancela-destaque-e-iss-na-base-de-pis-cofins-seguira-no-plenario-virtual-31052024<\/p>\n","protected":false},"excerpt":{"rendered":"<p>O ministro Luiz Fux, do Supremo Tribunal Federal (STF), decidiu que o julgamento sobre a inclus\u00e3o do Imposto sobre Servi\u00e7os [&hellip;]<\/p>\n","protected":false},"author":1,"featured_media":0,"comment_status":"closed","ping_status":"open","sticky":false,"template":"","format":"standard","meta":{"content-type":"","_uag_custom_page_level_css":"","site-sidebar-layout":"default","site-content-layout":"","ast-site-content-layout":"","site-content-style":"default","site-sidebar-style":"default","ast-global-header-display":"","ast-banner-title-visibility":"","ast-main-header-display":"","ast-hfb-above-header-display":"","ast-hfb-below-header-display":"","ast-hfb-mobile-header-display":"","site-post-title":"","ast-breadcrumbs-content":"","ast-featured-img":"","footer-sml-layout":"","theme-transparent-header-meta":"","adv-header-id-meta":"","stick-header-meta":"","header-above-stick-meta":"","header-main-stick-meta":"","header-below-stick-meta":"","astra-migrate-meta-layouts":"default","ast-page-background-enabled":"default","ast-page-background-meta":{"desktop":{"background-color":"var(--ast-global-color-4)","background-image":"","background-repeat":"repeat","background-position":"center center","background-size":"auto","background-attachment":"scroll","background-type":"","background-media":"","overlay-type":"","overlay-color":"","overlay-opacity":"","overlay-gradient":""},"tablet":{"background-color":"","background-image":"","background-repeat":"repeat","background-position":"center center","background-size":"auto","background-attachment":"scroll","background-type":"","background-media":"","overlay-type":"","overlay-color":"","overlay-opacity":"","overlay-gradient":""},"mobile":{"background-color":"","background-image":"","background-repeat":"repeat","background-position":"center center","background-size":"auto","background-attachment":"scroll","background-type":"","background-media":"","overlay-type":"","overlay-color":"","overlay-opacity":"","overlay-gradient":""}},"ast-content-background-meta":{"desktop":{"background-color":"var(--ast-global-color-5)","background-image":"","background-repeat":"repeat","background-position":"center center","background-size":"auto","background-attachment":"scroll","background-type":"","background-media":"","overlay-type":"","overlay-color":"","overlay-opacity":"","overlay-gradient":""},"tablet":{"background-color":"var(--ast-global-color-5)","background-image":"","background-repeat":"repeat","background-position":"center center","background-size":"auto","background-attachment":"scroll","background-type":"","background-media":"","overlay-type":"","overlay-color":"","overlay-opacity":"","overlay-gradient":""},"mobile":{"background-color":"var(--ast-global-color-5)","background-image":"","background-repeat":"repeat","background-position":"center center","background-size":"auto","background-attachment":"scroll","background-type":"","background-media":"","overlay-type":"","overlay-color":"","overlay-opacity":"","overlay-gradient":""}},"footnotes":""},"categories":[43],"tags":[],"class_list":["post-1483","post","type-post","status-publish","format-standard","hentry","category-noticias"],"uagb_featured_image_src":{"full":false,"thumbnail":false,"medium":false,"medium_large":false,"large":false,"1536x1536":false,"2048x2048":false},"uagb_author_info":{"display_name":"suporte","author_link":"https:\/\/fernandesrinhel.com.br\/site\/author\/suporte\/"},"uagb_comment_info":0,"uagb_excerpt":"O ministro Luiz Fux, do Supremo Tribunal Federal (STF), decidiu que o julgamento sobre a inclus\u00e3o do Imposto sobre Servi\u00e7os [&hellip;]","_links":{"self":[{"href":"https:\/\/fernandesrinhel.com.br\/site\/wp-json\/wp\/v2\/posts\/1483"}],"collection":[{"href":"https:\/\/fernandesrinhel.com.br\/site\/wp-json\/wp\/v2\/posts"}],"about":[{"href":"https:\/\/fernandesrinhel.com.br\/site\/wp-json\/wp\/v2\/types\/post"}],"author":[{"embeddable":true,"href":"https:\/\/fernandesrinhel.com.br\/site\/wp-json\/wp\/v2\/users\/1"}],"replies":[{"embeddable":true,"href":"https:\/\/fernandesrinhel.com.br\/site\/wp-json\/wp\/v2\/comments?post=1483"}],"version-history":[{"count":1,"href":"https:\/\/fernandesrinhel.com.br\/site\/wp-json\/wp\/v2\/posts\/1483\/revisions"}],"predecessor-version":[{"id":1484,"href":"https:\/\/fernandesrinhel.com.br\/site\/wp-json\/wp\/v2\/posts\/1483\/revisions\/1484"}],"wp:attachment":[{"href":"https:\/\/fernandesrinhel.com.br\/site\/wp-json\/wp\/v2\/media?parent=1483"}],"wp:term":[{"taxonomy":"category","embeddable":true,"href":"https:\/\/fernandesrinhel.com.br\/site\/wp-json\/wp\/v2\/categories?post=1483"},{"taxonomy":"post_tag","embeddable":true,"href":"https:\/\/fernandesrinhel.com.br\/site\/wp-json\/wp\/v2\/tags?post=1483"}],"curies":[{"name":"wp","href":"https:\/\/api.w.org\/{rel}","templated":true}]}}